{"id":15740,"date":"2019-01-19T18:43:03","date_gmt":"2019-01-19T17:43:03","guid":{"rendered":"http:\/\/www.lfb.es\/atelier-ecologie\/?p=15495"},"modified":"2019-01-19T18:43:03","modified_gmt":"2019-01-19T17:43:03","slug":"les-phasmes-de-latelier-ecologie","status":"publish","type":"post","link":"https:\/\/sites.lfb.es\/atelier-ecologie\/2019\/01\/19\/les-phasmes-de-latelier-ecologie\/","title":{"rendered":"LES PHASMES DE L\u2019ATELIER \u00c9COLOGIE"},"content":{"rendered":"\n<p>La communaut\u00e9 du LFB s\u2019agrandit !<br>Depuis jeudi, il y a en effet&nbsp;<strong>2980 \u00e9l\u00e8ves, et\u2026. 5 phasmes !<\/strong><\/p>\n\n\n\n<p>Car un \u00e9levage de ces&nbsp;<strong>\u00e9tranges insectes en forme de b\u00e2ton<\/strong>&nbsp;a pris place \u00e0 l\u2019\u00e9tage de SVT.<br>C\u2019est&nbsp;<strong>Zo\u00e9, Jeanne, Bilal et Noah<\/strong>&nbsp;\u2013 quatre \u00e9l\u00e8ves de 6e1 participant \u00e0 l\u2019Atelier \u00c9cologie \u2013 qui ont pr\u00e9par\u00e9 leur arriv\u00e9e depuis plusieurs semaines maintenant.<\/p>\n\n\n\n<p>Leur objectif : faire d\u00e9couvrir ces insectes si particulier \u00e0 leurs camarades et ainsi \u00e9veiller leur curiosit\u00e9, voire peut-\u00eatre&nbsp;<strong>un int\u00e9r\u00eat pour les merveilles de la nature.&nbsp;<\/strong>Une biodiversit\u00e9 fragile\u2026et \u00e0 prot\u00e9ger !<br>Ils ont donc r\u00e9alis\u00e9 une exposition permettant d\u2019expliquer le cycle de vie des phasmes, la mani\u00e8re dont ils se reproduisent, quels sont leurs pr\u00e9dateurs et comment ils s\u2019en prot\u00e8gent. Ce dernier point fait la merveille des phasmes : leur botte secr\u00e8te ? le mim\u00e9tisme !<\/p>\n\n\n\n<p>Bravo \u00e0 ces 4 \u00e9l\u00e8ves pour<strong>&nbsp;leur motivation, leur pers\u00e9v\u00e9rance et leur bonne humeur !<\/strong><\/p>\n\n\n\n<p><strong>Alexandre Magot<\/strong>, professeur de SVT<br><\/p>\n","protected":false},"excerpt":{"rendered":"<p>La communaut\u00e9 du LFB s\u2019agrandit !Depuis jeudi, il y a en effet&nbsp;2980 \u00e9l\u00e8ves, et\u2026. 5 phasmes ! Car un \u00e9levage de ces&nbsp;\u00e9tranges insectes en forme de b\u00e2ton&nbsp;a pris place \u00e0 l\u2019\u00e9tage de SVT.C\u2019est&nbsp;Zo\u00e9, Jeanne, Bilal et Noah&nbsp;\u2013 quatre \u00e9l\u00e8ves de 6e1 participant \u00e0 l\u2019Atelier \u00c9cologie&#8230;<\/p>\n","protected":false},"author":2,"featured_media":15498,"comment_status":"open","ping_status":"open","sticky":false,"template":"","format":"standard","meta":[],"categories":[1],"tags":[],"_links":{"self":[{"href":"https:\/\/sites.lfb.es\/atelier-ecologie\/wp-json\/wp\/v2\/posts\/15740"}],"collection":[{"href":"https:\/\/sites.lfb.es\/atelier-ecologie\/wp-json\/wp\/v2\/posts"}],"about":[{"href":"https:\/\/sites.lfb.es\/atelier-ecologie\/wp-json\/wp\/v2\/types\/post"}],"author":[{"embeddable":true,"href":"https:\/\/sites.lfb.es\/atelier-ecologie\/wp-json\/wp\/v2\/users\/2"}],"replies":[{"embeddable":true,"href":"https:\/\/sites.lfb.es\/atelier-ecologie\/wp-json\/wp\/v2\/comments?post=15740"}],"version-history":[{"count":0,"href":"https:\/\/sites.lfb.es\/atelier-ecologie\/wp-json\/wp\/v2\/posts\/15740\/revisions"}],"wp:featuredmedia":[{"embeddable":true,"href":"https:\/\/sites.lfb.es\/atelier-ecologie\/wp-json\/wp\/v2\/media\/15498"}],"wp:attachment":[{"href":"https:\/\/sites.lfb.es\/atelier-ecologie\/wp-json\/wp\/v2\/media?parent=15740"}],"wp:term":[{"taxonomy":"category","embeddable":true,"href":"https:\/\/sites.lfb.es\/atelier-ecologie\/wp-json\/wp\/v2\/categories?post=15740"},{"taxonomy":"post_tag","embeddable":true,"href":"https:\/\/sites.lfb.es\/atelier-ecologie\/wp-json\/wp\/v2\/tags?post=15740"}],"curies":[{"name":"wp","href":"https:\/\/api.w.org\/{rel}","templated":true}]}}